{"id":1609,"date":"2023-10-01T10:35:31","date_gmt":"2023-10-01T08:35:31","guid":{"rendered":"https:\/\/www.dubochet.ch\/jacques\/?p=1609"},"modified":"2023-10-03T15:33:30","modified_gmt":"2023-10-03T13:33:30","slug":"la-bulle-et-le-vent","status":"publish","type":"post","link":"https:\/\/www.dubochet.ch\/jacques\/?p=1609","title":{"rendered":"La bulle et le vent"},"content":{"rendered":"\n<p>Aujourd\u2019hui, le 29 septembre 2023, la temp\u00e9rature atteint 25\u00b0 et la limite du z\u00e9ro d\u00e9passe l\u2019altitude de la Dent-Blanche. La bulle atmosph\u00e9rique est revenue. Elle n\u2019est pas tout \u00e0 fait aussi forte que celle que nous avons v\u00e9cu cet \u00e9t\u00e9, mais, cette masse d\u2019air, exceptionnellement chaude, bloqu\u00e9e pendant des jours et des jours sur notre petit territoire, \u00e9tonne. On se demande bien, ce qui se passe avec notre atmosph\u00e8re. Bien s\u00fbr, un de ces jours, le vent reviendra et, pff, il soufflera la bulle et nous retrouverons, peut-\u00eatre, un automne un peu plus normal.&nbsp;<\/p>\n\n\n\n<p>L\u2019image de la bulle et du vent qui la souffle me parle dans un autre contexte.<\/p>\n\n\n\n<p>Revenons \u00e0 Thomas Piketty et \u00e0 son livre \u00ab\u00a0Une br\u00e8ve histoire de l\u2019humanit\u00e9\u00a0\u00bb r\u00e9sumant en 350 pages l\u2019\u0153uvre magistrale de cet historien-\u00e9conomiste. J\u2019en parlais dans ma derni\u00e8re rubrique (https:\/\/www.dubochet.ch\/jacques\/?p=1600). Avec sa vue per\u00e7ante et synth\u00e9tique, Piketty conclut que, au cours des si\u00e8cles, l\u2019humanit\u00e9 \u00e9volue globalement vers plus d\u2019\u00e9galit\u00e9 et plus de d\u00e9mocratie. C\u2019est bien\u00a0! Mais il d\u00e9crit surtout le terrible combat que m\u00e8nent les poss\u00e9dants pour d\u00e9velopper et assurer leur bulle techno-financi\u00e8re qui domine aujourd\u2019hui l\u2019ensemble du monde. On commence avec Marco Polo qui, \u00e0 la fin du 13<sup>e<\/sup>\u00a0si\u00e8cle, ouvrit le Monde \u00e0 l\u2019Europe sortant du Moyen \u00e2ge. Vinrent ensuite la r\u00e9volution industrielle, l\u2019esclavage, le sous-prol\u00e9tariat des nations dites riches, les canuts de Lyon et tous les combats sociaux des deux derniers si\u00e8cles. Ainsi se construisit, dans la douleur, la bulle dans laquelle les riches ont structur\u00e9 leur pouvoir. Rabelais, avec son l\u2019aphorisme \u00ab\u00a0science sans conscience n\u2019est que ruine de l\u2019\u00e2me\u00a0\u00bb se retourne dans sa tombe et moi, furieux, je constate que la conscience n\u2019est pas incluse dans la bulle. Pour les riches, la vie est magnifique. Les autres ont les miettes, jolies pour certain.nes, petites pour beaucoup, mis\u00e9rables pour la majorit\u00e9. La bulle semble solide. Elle aurait pu\u00a0continuer\u00a0<em>ad vitam \u00e6ternam.<\/em><\/p>\n\n\n\n<p>Eh bien, non ! La bulle oubliait un \u00e9l\u00e9ment&nbsp;: la Terre. Celle-ci a longtemps support\u00e9 les coups, mais elle commence \u00e0 en avoir marre&nbsp;; elle ne joue plus le jeu. Des personnes visionnaires l\u2019avaient annonc\u00e9 depuis des d\u00e9cennies&nbsp;; le mod\u00e8le de croissance que la bulle impose ne peut pas durer \u2013 c\u2019est math\u00e9matique. Toutes les analyses convergent&nbsp;; la hausse de la temp\u00e9rature et la disparition des esp\u00e8ces et des espaces naturels sont la cons\u00e9quence directe de la croissance exponentielle de la fortune des riches. L\u2019\u00e9vidence frappe&nbsp;; les bulles de canicule, la tornade de La Chaux-de-Fonds et les yeux qui piquent dans la moiti\u00e9 de l\u2019Am\u00e9rique du Nord passent mal dans la population. Le vent de la nature se l\u00e8ve sur la bulle. Quand va-t-elle \u00eatre souffl\u00e9e&nbsp;? Enfin, la question est pos\u00e9e. De plus en plus de gens se rendent compte qu\u2019on ne peut pas continuer comme avant. J\u2019ai l\u2019impression qu\u2019un nombre croissant d\u2019entre eux est en passe de virer franchement du c\u00f4t\u00e9 de la nature. Ceci est une bonne nouvelle.<\/p>\n\n\n\n<p>Hier sont arriv\u00e9s nos bulletins de vote pour le 22 octobre. Bien s\u00fbr, j\u2019esp\u00e8re un raz de mar\u00e9e vers la gauche, celle qui s\u2019engage le plus radicalement pour notre Terre et ses habitants. Dans notre famille, c\u2019est Ensemble \u00e0 Gauche que nous soutenons. Honn\u00eatement, je ne suis pas certain que les \u00e9lections seront un immense succ\u00e8s. Les obs\u00e9d\u00e9s de la bulle se mobilisent, car ils per\u00e7oivent le danger. La rudesse de la campagne et les sommes vers\u00e9es aux diff\u00e9rents partis en t\u00e9moignent.&nbsp;&nbsp;Pourtant, la bulle a d\u00e9j\u00e0 perdu. La r\u00e9alit\u00e9 et la nature ne peuvent que gagner. Choisissons notre camp. Le plus t\u00f4t sera le mieux. Votons aujourd\u2019hui, votons juste.<\/p>\n\n\n\n<p>Merci \u00e0 tous.<\/p>\n","protected":false},"excerpt":{"rendered":"<p>Aujourd\u2019hui, le 29 septembre 2023, la temp\u00e9rature atteint 25\u00b0 et la limite du z\u00e9ro d\u00e9passe l\u2019altitude de la Dent-Blanche. La bulle atmosph\u00e9rique est revenue. Elle n\u2019est pas tout \u00e0 fait aussi forte que celle que nous avons v\u00e9cu cet \u00e9t\u00e9, mais, cette masse d\u2019air, exceptionnellement chaude, bloqu\u00e9e pendant des jours et des jours sur notre [&hellip;]<\/p>\n","protected":false},"author":1,"featured_media":0,"comment_status":"open","ping_status":"","sticky":false,"template":"","format":"standard","meta":{"jetpack_post_was_ever_published":false,"footnotes":"","jetpack_publicize_message":"","jetpack_publicize_feature_enabled":true,"jetpack_social_post_already_shared":false,"jetpack_social_options":{"image_generator_settings":{"template":"highway","default_image_id":0,"font":"","enabled":false},"version":2}},"categories":[1,69],"tags":[110,53,158,13,70],"class_list":["post-1609","post","type-post","status-publish","format-standard","hentry","category-article","category-politique","tag-climat","tag-environnement","tag-ethique","tag-evolution","tag-politique-2"],"jetpack_publicize_connections":[],"jetpack_featured_media_url":"","jetpack-related-posts":[],"_links":{"self":[{"href":"https:\/\/www.dubochet.ch\/jacques\/index.php?rest_route=\/wp\/v2\/posts\/1609","targetHints":{"allow":["GET"]}}],"collection":[{"href":"https:\/\/www.dubochet.ch\/jacques\/index.php?rest_route=\/wp\/v2\/posts"}],"about":[{"href":"https:\/\/www.dubochet.ch\/jacques\/index.php?rest_route=\/wp\/v2\/types\/post"}],"author":[{"embeddable":true,"href":"https:\/\/www.dubochet.ch\/jacques\/index.php?rest_route=\/wp\/v2\/users\/1"}],"replies":[{"embeddable":true,"href":"https:\/\/www.dubochet.ch\/jacques\/index.php?rest_route=%2Fwp%2Fv2%2Fcomments&post=1609"}],"version-history":[{"count":0,"href":"https:\/\/www.dubochet.ch\/jacques\/index.php?rest_route=\/wp\/v2\/posts\/1609\/revisions"}],"wp:attachment":[{"href":"https:\/\/www.dubochet.ch\/jacques\/index.php?rest_route=%2Fwp%2Fv2%2Fmedia&parent=1609"}],"wp:term":[{"taxonomy":"category","embeddable":true,"href":"https:\/\/www.dubochet.ch\/jacques\/index.php?rest_route=%2Fwp%2Fv2%2Fcategories&post=1609"},{"taxonomy":"post_tag","embeddable":true,"href":"https:\/\/www.dubochet.ch\/jacques\/index.php?rest_route=%2Fwp%2Fv2%2Ftags&post=1609"}],"curies":[{"name":"wp","href":"https:\/\/api.w.org\/{rel}","templated":true}]}}